[{"@context":"https:\/\/schema.org\/","@type":"Article","@id":"https:\/\/www.stex.cz\/je-to-i-vas-pripad\/#Article","mainEntityOfPage":"https:\/\/www.stex.cz\/je-to-i-vas-pripad\/","headline":"Je to i V\u00e1\u0161 p\u0159\u00edpad?","name":"Je to i V\u00e1\u0161 p\u0159\u00edpad?","description":"Zn\u00e1te to. P\u0159ijdete dom\u016f z pr\u00e1ce a nev\u00edte, co nejd\u0159\u00edve? Co t\u0159eba si jednou za \u010das dop\u0159\u00e1t n\u011bjak\u00fd ten odpo\u010dinek? A to t\u0159eba t\u00edm, \u017ee si dop\u0159ejete chvilku ve v\u00ed\u0159ivce? Mysl\u00edm si, \u017ee ka\u017ed\u00fd ocen\u00ed, kdy\u017e po dlouh\u00e9m dnu si bude moct doma odpo\u010dinout a zrelaxovat svoje t\u011blo po t\u011b\u017ek\u00e9m a dlouh\u00e9m dnu, nem\u00e1m pravdu? [&hellip;]","datePublished":"2024-02-06","dateModified":"2024-02-06","author":{"@type":"Person","@id":"https:\/\/www.stex.cz\/author\/devene\/#Person","name":"devene","url":"https:\/\/www.stex.cz\/author\/devene\/","identifier":1,"image":{"@type":"ImageObject","@id":"https:\/\/secure.gravatar.com\/avatar\/1aa4d33840e2afc29128e2a456d425ca0d17b173c888af2db652b1d34fe6f93d?s=96&d=mm&r=g","url":"https:\/\/secure.gravatar.com\/avatar\/1aa4d33840e2afc29128e2a456d425ca0d17b173c888af2db652b1d34fe6f93d?s=96&d=mm&r=g","height":96,"width":96}},"publisher":{"@type":"Organization","name":"stex.cz","logo":{"@type":"ImageObject","@id":"\/logo.png","url":"\/logo.png","width":600,"height":60}},"url":"https:\/\/www.stex.cz\/je-to-i-vas-pripad\/","wordCount":190,"articleBody":"Zn\u00e1te to. P\u0159ijdete dom\u016f z pr\u00e1ce a nev\u00edte, co nejd\u0159\u00edve? Co t\u0159eba si jednou za \u010das dop\u0159\u00e1t n\u011bjak\u00fd ten odpo\u010dinek? A to t\u0159eba t\u00edm, \u017ee si dop\u0159ejete chvilku ve v\u00ed\u0159ivce? Mysl\u00edm si, \u017ee ka\u017ed\u00fd ocen\u00ed, kdy\u017e po dlouh\u00e9m dnu si bude moct doma odpo\u010dinout a zrelaxovat svoje t\u011blo po t\u011b\u017ek\u00e9m a dlouh\u00e9m dnu, nem\u00e1m pravdu? Je na \u010dase si d\u00e1t odpo\u010dinekA ne po\u0159\u00e1d jenom pracovat. B\u011bhem dne jist\u011b m\u00e1te nabito a vy\u0159izujete jednu sch\u016fzku za druhou, ale jak to ji\u017e b\u00fdv\u00e1, tak sv\u00e9mu t\u011blu komfort m\u00e1lokdy poskytnete, je to tak? Ob\u010das nav\u0161t\u00edv\u00edte n\u011bjak\u00e9 to fitness centrum \u010di si d\u00e1te p\u00e1r baz\u00e9n\u016f p\u0159ed n\u00e1stupem do pr\u00e1ce, ale na sebe \u010das nem\u00e1te? B\u011bhem relaxace p\u0159itom m\u016f\u017eete \u00fapln\u011b vypnout a dop\u0159\u00e1t sv\u00e9mu t\u011blu to, po \u010dem tou\u017e\u00ed. Dejte si pohov a dop\u0159ejte si jednou za t\u00fdden kvalitn\u00ed tryskovou mas\u00e1\u017e.                                                                                                                                                                                                                                                                                                                                                                                                "},{"@context":"https:\/\/schema.org\/","@type":"BreadcrumbList","itemListElement":[{"@type":"ListItem","position":1,"name":"Je to i V\u00e1\u0161 p\u0159\u00edpad?","item":"https:\/\/www.stex.cz\/je-to-i-vas-pripad\/#breadcrumbitem"}]}]