[{"@context":"https:\/\/schema.org\/","@type":"Article","@id":"https:\/\/www.stex.cz\/kdy-do-duchodu\/#Article","mainEntityOfPage":"https:\/\/www.stex.cz\/kdy-do-duchodu\/","headline":"Kdy do d\u016fchodu","name":"Kdy do d\u016fchodu","description":"Dosp\u011bli jste i vy do f\u00e1ze, kdy si za\u010d\u00edn\u00e1te neust\u00e1le v hlav\u011b om\u00edlat, kdy do d\u016fchodu? Pokud ano, je nejvy\u0161\u0161\u00ed \u010das za\u010d\u00edt o sv\u00e9m rozhodnut\u00ed po\u0159\u00e1dn\u011b p\u0159em\u00fd\u0161let. Spr\u00e1vn\u00e9 na\u010dasov\u00e1n\u00ed odchodu do d\u016fchodu je toti\u017e kl\u00ed\u010dov\u00e9, abyste z cel\u00e9 situace vy\u0161li co nejl\u00e9pe a v d\u016fchodu jste pob\u00edrali skv\u011bl\u00e9 pen\u00edze. V\u00fdpo\u010det odchodu do d\u016fchodu Ne ka\u017ed\u00fd [&hellip;]","datePublished":"2025-04-06","dateModified":"2025-04-06","author":{"@type":"Person","@id":"https:\/\/www.stex.cz\/author\/devene\/#Person","name":"devene","url":"https:\/\/www.stex.cz\/author\/devene\/","identifier":1,"image":{"@type":"ImageObject","@id":"https:\/\/secure.gravatar.com\/avatar\/1aa4d33840e2afc29128e2a456d425ca0d17b173c888af2db652b1d34fe6f93d?s=96&d=mm&r=g","url":"https:\/\/secure.gravatar.com\/avatar\/1aa4d33840e2afc29128e2a456d425ca0d17b173c888af2db652b1d34fe6f93d?s=96&d=mm&r=g","height":96,"width":96}},"publisher":{"@type":"Organization","name":"stex.cz","logo":{"@type":"ImageObject","@id":"\/logo.png","url":"\/logo.png","width":600,"height":60}},"url":"https:\/\/www.stex.cz\/kdy-do-duchodu\/","wordCount":225,"articleBody":" Dosp\u011bli jste i vy do f\u00e1ze, kdy si za\u010d\u00edn\u00e1te neust\u00e1le v hlav\u011b om\u00edlat, kdy do d\u016fchodu? Pokud ano, je nejvy\u0161\u0161\u00ed \u010das za\u010d\u00edt o sv\u00e9m rozhodnut\u00ed po\u0159\u00e1dn\u011b p\u0159em\u00fd\u0161let. Spr\u00e1vn\u00e9 na\u010dasov\u00e1n\u00ed odchodu do d\u016fchodu je toti\u017e kl\u00ed\u010dov\u00e9, abyste z cel\u00e9 situace vy\u0161li co nejl\u00e9pe a v d\u016fchodu jste pob\u00edrali skv\u011bl\u00e9 pen\u00edze. V\u00fdpo\u010det odchodu do d\u016fchodu Ne ka\u017ed\u00fd v\u00ed, v\u00fdpo\u010det odchodu do d\u016fchodu. Zjistit toto datum je toti\u017e velice n\u00e1ro\u010dn\u00e9 a je pot\u0159eba zohlednit spoustu faktor\u016f, kter\u00e9 jsou kl\u00ed\u010dov\u00e9. Nab\u00edz\u00edme v\u00e1m d\u016fchodov\u00e9 poradenstv\u00ed a jsme schopni v\u00e1m p\u0159esn\u011b spo\u010d\u00edtat, kdy je to nejlep\u0161\u00ed datum na odchod do d\u016fchodu p\u0159esn\u011b pro v\u00e1s. D\u016fchodov\u00e9 poradenstv\u00ed Skv\u011bl\u00e9 d\u016fchodov\u00e9 poradenstv\u00ed hledejte u n\u00e1s. Nab\u00edz\u00edme v\u00e1m ho za skv\u011bl\u00e9 ceny a v t\u00e9 nejv\u011bt\u0161\u00ed kvalit\u011b. M\u00e1me spoustu zku\u0161enost\u00ed s na\u0161imi b\u00fdval\u00fdmi klienty a pr\u00e1v\u011b proto v\u00e1m m\u016f\u017eeme nab\u00eddnout opravdu kvalitn\u00ed slu\u017eby, kter\u00fdmi jsme se zal\u00edbili na\u0161im p\u0159edchoz\u00edm klient\u016fm. Odpov\u00edte v\u00e1m na v\u0161echny ot\u00e1zky, nejen na tu, kdy do d\u016fchodu.                                                                                                                                                                                                                                                                                                                                                                                                "},{"@context":"https:\/\/schema.org\/","@type":"BreadcrumbList","itemListElement":[{"@type":"ListItem","position":1,"name":"Kdy do d\u016fchodu","item":"https:\/\/www.stex.cz\/kdy-do-duchodu\/#breadcrumbitem"}]}]