[{"@context":"https:\/\/schema.org\/","@type":"Article","@id":"https:\/\/www.stex.cz\/kdyz-je-vztah-na-hrane\/#Article","mainEntityOfPage":"https:\/\/www.stex.cz\/kdyz-je-vztah-na-hrane\/","headline":"Kdy\u017e je vztah na hran\u011b&#8230;","name":"Kdy\u017e je vztah na hran\u011b&#8230;","description":"M\u016f\u017ee se st\u00e1t, \u017ee to se vztahem zajde tak daleko, \u017ee bude na hran\u011b. Je mo\u017en\u00e9, \u017ee to, \u017ee je dan\u00fd vztah na hran\u011b, bude vn\u00edmat pouze jeden z\u00a0dan\u00e9ho p\u00e1ru. Bohu\u017eel se n\u011bco takov\u00e9ho st\u00e1v\u00e1 velmi \u010dasto a pokud dan\u00fd \u010dlov\u011bk tomu druh\u00e9mu o n\u011b\u010dem takov\u00e9m ne\u0159ekne, je mo\u017en\u00e9, \u017ee to dopadne tak, \u017ee z\u00a0ni\u010deho [&hellip;]","datePublished":"2022-03-17","dateModified":"2023-05-02","author":{"@type":"Person","@id":"https:\/\/www.stex.cz\/author\/devene\/#Person","name":"devene","url":"https:\/\/www.stex.cz\/author\/devene\/","identifier":1,"image":{"@type":"ImageObject","@id":"https:\/\/secure.gravatar.com\/avatar\/1aa4d33840e2afc29128e2a456d425ca0d17b173c888af2db652b1d34fe6f93d?s=96&d=mm&r=g","url":"https:\/\/secure.gravatar.com\/avatar\/1aa4d33840e2afc29128e2a456d425ca0d17b173c888af2db652b1d34fe6f93d?s=96&d=mm&r=g","height":96,"width":96}},"publisher":{"@type":"Organization","name":"stex.cz","logo":{"@type":"ImageObject","@id":"\/logo.png","url":"\/logo.png","width":600,"height":60}},"image":{"@type":"ImageObject","@id":"https:\/\/www.stex.cz\/wp-content\/uploads\/pa_3.JPG","url":"https:\/\/www.stex.cz\/wp-content\/uploads\/pa_3.JPG","height":0,"width":0},"url":"https:\/\/www.stex.cz\/kdyz-je-vztah-na-hrane\/","about":["Vztahy"],"wordCount":476,"articleBody":"M\u016f\u017ee se st\u00e1t, \u017ee to se vztahem zajde tak daleko, \u017ee bude na hran\u011b. Je mo\u017en\u00e9, \u017ee to, \u017ee je dan\u00fd vztah na hran\u011b, bude vn\u00edmat pouze jeden z\u00a0dan\u00e9ho p\u00e1ru. Bohu\u017eel se n\u011bco takov\u00e9ho st\u00e1v\u00e1 velmi \u010dasto a pokud dan\u00fd \u010dlov\u011bk tomu druh\u00e9mu o n\u011b\u010dem takov\u00e9m ne\u0159ekne, je mo\u017en\u00e9, \u017ee to dopadne tak, \u017ee z\u00a0ni\u010deho nic vztah ukon\u010d\u00ed a druh\u00fd \u010dlov\u011bk nebude v\u016fbec v\u011bd\u011bt, co se stalo.\u00a0Bohu\u017eel v\u0161echny vztahy mohou doj\u00edt do f\u00e1ze, kdy \u010dlov\u011bk bude p\u0159em\u00fd\u0161let nad t\u00edm, zda m\u00e1 n\u011bco takov\u00e9ho je\u0161t\u011b st\u00e1le smysl, nebo by bylo lep\u0161\u00ed se rozej\u00edt a po \u010dase si naj\u00edt n\u011bkoho jin\u00e9ho, kdo k\u00a0v\u00e1m bude daleko ohledupln\u011bj\u0161\u00ed, ne\u017e dan\u00fd \u010dlov\u011bk.\u00a0V\u00a0dne\u0161n\u00ed dob\u011b je zejm\u00e9na probl\u00e9m v\u00a0tom, \u017ee se \u010dlov\u011bk boj\u00ed b\u00fdt s\u00e1m, proto\u017ee nap\u0159\u00edklad samotu nem\u00e1 r\u00e1d nebo nechce poslouchat, jak se ho n\u011bkdo neust\u00e1le pt\u00e1, pro\u010d je\u0161t\u011b n\u011bkoho nem\u00e1 a kdy pl\u00e1nuje svatbu, d\u011bti apod. Pokud ale \u010dlov\u011bk nena\u0161el je\u0161t\u011b takov\u00e9ho \u010dlov\u011bka, kter\u00fd by byl ten prav\u00fd, je pochopiteln\u00e9, \u017ee se bude sna\u017eit dr\u017eet si i vztah, kde nen\u00ed \u00fapln\u011b \u0161\u0165astn\u00fd a to proto, \u017ee zkr\u00e1tka nechce b\u00fdt s\u00e1m.\u00a0Pokud to tak m\u00e1te, pak v\u011b\u0159te, \u017ee druh\u00e9mu \u010dlov\u011bku m\u016f\u017ee ubl\u00ed\u017eit, kdy\u017e n\u011bkoho, kdo pro v\u00e1s bude prav\u00fd, najdete a ze dne na den se s\u00a0\u010dlov\u011bkem, se kter\u00fdm jste dote\u010f byli, rozejdete. V\u017edy je dobr\u00e9, pokud u\u017e se stane, \u017ee \u010dlov\u011bk za\u010dne c\u00edtit dan\u00fd vztah jinak, o n\u011b\u010dem takov\u00e9m druh\u00e9mu \u010dlov\u011bku \u0159ekne a za\u010dne se to n\u011bjak\u00fdm zp\u016fsobem \u0159e\u0161it. Je mo\u017en\u00e9, \u017ee se kv\u016fli v\u00e1m dan\u00fd \u010dlov\u011bk zm\u011bn\u00ed nebo za\u010dne d\u011blat n\u011bco, \u010d\u00edm v\u00e1s p\u0159esv\u011bd\u010d\u00ed o tom, \u017ee on je pro v\u00e1s ten prav\u00fd, ale pokud se n\u011bco takov\u00e9ho neza\u010dne \u0159e\u0161it, opravdu to m\u016f\u017ee dopadnout tak, \u017ee vztah bude na hran\u011b a \u010d\u00edm v\u011bc\u00ed, kter\u00e9 budete pova\u017eovat za \u0161patn\u00e9, bude v\u00e1\u0161 partner d\u011blat, t\u00edm hor\u0161\u00ed to bude a t\u00edm \u010dast\u011bji budete uva\u017eovat nad rozchodem.\u00a0Mnoho vztah\u016f se d\u00e1 zachr\u00e1nit a m\u016f\u017ee na n\u011bj \u010dlov\u011bk zm\u011bnit n\u00e1zor, ale je pot\u0159eba a to zejm\u00e9na, kdy\u017e se stane, \u017ee dojde k\u00a0tomu, \u017ee \u010dlov\u011bk to za\u010dne c\u00edtit jinak, aby o tom druh\u00e9mu \u010dlov\u011bku \u0159ekl. Je to velice d\u016fle\u017eit\u00e9.                                                                                                                                                                                                                                                                                                                                                                                                "},{"@context":"https:\/\/schema.org\/","@type":"BreadcrumbList","itemListElement":[{"@type":"ListItem","position":1,"name":"Kdy\u017e je vztah na hran\u011b&#8230;","item":"https:\/\/www.stex.cz\/kdyz-je-vztah-na-hrane\/#breadcrumbitem"}]}]