[{"@context":"https:\/\/schema.org\/","@type":"Article","@id":"https:\/\/www.stex.cz\/na-miru\/#Article","mainEntityOfPage":"https:\/\/www.stex.cz\/na-miru\/","headline":"Na m\u00edru","name":"Na m\u00edru","description":"\u017dijeme ve sv\u011bt\u011b, kdy je v ka\u017ed\u00e9m m\u011bst\u011b n\u011bkolik n\u00e1kupn\u00edch center a v nich je tolik zbo\u017e\u00ed, \u017ee pokud si pot\u0159ebujete n\u011bco koupit, ur\u010dit\u011b si vyberete. Oble\u010den\u00ed takov\u00fd v\u00fdb\u011br, \u017ee nemus\u00edte m\u00edt strach, \u017ee potk\u00e1te na ulici n\u011bkoho, kdo bude m\u00edt na sob\u011b oble\u010den\u00e9 to sam\u00e9, co m\u00e1te vy. Co\u017e ocen\u00ed hlavn\u011b d\u00edvky. Jen\u017ee ne [&hellip;]","datePublished":"2022-07-15","dateModified":"2023-05-02","author":{"@type":"Person","@id":"https:\/\/www.stex.cz\/author\/devene\/#Person","name":"devene","url":"https:\/\/www.stex.cz\/author\/devene\/","identifier":1,"image":{"@type":"ImageObject","@id":"https:\/\/secure.gravatar.com\/avatar\/1aa4d33840e2afc29128e2a456d425ca0d17b173c888af2db652b1d34fe6f93d?s=96&d=mm&r=g","url":"https:\/\/secure.gravatar.com\/avatar\/1aa4d33840e2afc29128e2a456d425ca0d17b173c888af2db652b1d34fe6f93d?s=96&d=mm&r=g","height":96,"width":96}},"publisher":{"@type":"Organization","name":"stex.cz","logo":{"@type":"ImageObject","@id":"\/logo.png","url":"\/logo.png","width":600,"height":60}},"image":{"@type":"ImageObject","@id":"https:\/\/www.stex.cz\/wp-content\/uploads\/tailoring-g3851df2dc_640.jpg","url":"https:\/\/www.stex.cz\/wp-content\/uploads\/tailoring-g3851df2dc_640.jpg","height":0,"width":0},"url":"https:\/\/www.stex.cz\/na-miru\/","wordCount":446,"articleBody":"           \u017dijeme ve sv\u011bt\u011b, kdy je v ka\u017ed\u00e9m m\u011bst\u011b n\u011bkolik n\u00e1kupn\u00edch center a v nich je tolik zbo\u017e\u00ed, \u017ee pokud si pot\u0159ebujete n\u011bco koupit, ur\u010dit\u011b si vyberete. Oble\u010den\u00ed takov\u00fd v\u00fdb\u011br, \u017ee nemus\u00edte m\u00edt strach, \u017ee potk\u00e1te na ulici n\u011bkoho, kdo bude m\u00edt na sob\u011b oble\u010den\u00e9 to sam\u00e9, co m\u00e1te vy. Co\u017e ocen\u00ed hlavn\u011b d\u00edvky. Jen\u017ee ne v\u0161ichni m\u00e1me konfek\u010dn\u00ed velikost, a tak ob\u010das pot\u0159ebuje n\u011bjak\u00fd ten rozm\u011br v\u011bt\u0161\u00ed nebo men\u0161\u00ed a m\u016f\u017eeme t\u00edm p\u00e1dem m\u00edt s koup\u00ed oble\u010den\u00ed probl\u00e9m. N\u011bkter\u00e9 obchody nab\u00edz\u00ed slu\u017ebu, \u017ee v\u00e1m od\u011bv uprav\u00ed, ale v podstat\u011b jde jen o zkracov\u00e1n\u00ed kalhot. Pokud m\u00e1te skute\u010dn\u011b nekonfek\u010dn\u00ed rozm\u011bry, mus\u00edte si nechat u\u0161\u00edt \u0161aty na m\u00edru. Nechat si n\u011bco ud\u011blat, u\u0161\u00edt, vyrobit na m\u00edru, to je zp\u016fsob, jak efektivn\u011b to \u010di ono vyu\u017e\u00edt. Nech\u00e1te si u\u0161\u00edt \u0161aty na m\u00edru a v\u00edte, \u017ee oble\u010den\u00ed v\u00e1m bude sed\u011bt, budete se v n\u011bm c\u00edtit komfortn\u011b. Pokud si na m\u00edru nech\u00e1te sestavit po\u010d\u00edta\u010d, budete v\u011bd\u011bt, \u017ee hardware po\u010d\u00edta\u010de bude odpov\u00eddat va\u0161\u00edm pot\u0159eb\u00e1m \u0161pi\u010dkov\u00e9ho hr\u00e1\u010de online her, nebo \u0161pi\u010dkov\u00e9ho architekta, kter\u00fd prov\u00e1d\u00ed slo\u017eit\u00e9 v\u00fdpo\u010dty a pot\u0159ebuje v\u00fdkonn\u00fd po\u010d\u00edta\u010d na stavebn\u00ed v\u00fdkresy.Nechat si vyrobit n\u00e1bytek na m\u00edru, m\u00e1te jistotu, \u017ee u\u0161et\u0159\u00edte v byt\u011b prostor anebo \u017ee velikost n\u00e1bytku bude odpov\u00eddat va\u0161im n\u00e1rok\u016fm na bydlen\u00ed. M\u00e1te-li velikou rodinu, ale sch\u00e1z\u00edte se u jednoho stolu jen p\u00e1rkr\u00e1t do m\u011bs\u00edce, jist\u011b ocen\u00edte skl\u00e1dac\u00ed st\u016fl, kter\u00fd rozlo\u017e\u00edte jen dle pot\u0159eby, ale jinak bude nen\u00e1padn\u00fd, b\u011b\u017en\u00fdch rozm\u011br\u016f. Nebo sk\u0159\u00edn\u011b na m\u00edru Praha, kter\u00e9 vypln\u00ed ka\u017ed\u00fd nevyu\u017eit\u00fd roh a budou od podlahy a\u017e po strop, pojmou hromady oble\u010den\u00ed, ale uschovaj\u00ed i p\u0159\u00edstroje a vybaven\u00ed, kter\u00e9 pou\u017e\u00edv\u00e1te jen ob\u010das a jinak je uskladn\u011bno pr\u00e1v\u011b ve sk\u0159\u00edn\u00edch na m\u00edru v nejvy\u0161\u0161\u00edch patrech. V\u011bci na m\u00edru budou finan\u010dn\u011b trochu dra\u017e\u0161\u00ed ne\u017e b\u011b\u017en\u00e9 v obchod\u011b, ale budou origin\u00e1ln\u00ed a t\u00edm, \u017ee jsou skute\u010dn\u011b na m\u00edru, dle va\u0161ich pot\u0159eb a po\u017eadavk\u016f, se v\u00e1m investice vr\u00e1t\u00ed v podob\u011b komfortu a pohodl\u00ed.                                                                                                                                                                                                                                                                                                                                                                                                  "},{"@context":"https:\/\/schema.org\/","@type":"BreadcrumbList","itemListElement":[{"@type":"ListItem","position":1,"name":"Na m\u00edru","item":"https:\/\/www.stex.cz\/na-miru\/#breadcrumbitem"}]}]