[{"@context":"https:\/\/schema.org\/","@type":"Article","@id":"https:\/\/www.stex.cz\/prace-architekta\/#Article","mainEntityOfPage":"https:\/\/www.stex.cz\/prace-architekta\/","headline":"Pr\u00e1ce architekta","name":"Pr\u00e1ce architekta","description":"V\u017edycky jsem m\u011bla velk\u00fd smysl pro m\u00f3du a taky pro um\u011bn\u00ed. U\u017e jako mal\u00e1 holka jsem si velice r\u00e1da hr\u00e1la s hra\u010dkami, aby to vypadalo tak, \u017ee t\u0159eba n\u011bco nap\u0159\u00edklad stav\u00edm. A taky to vypadalo tak, kdy\u017e jsem si s mal\u00fdmi d\u011btmi hr\u00e1la t\u0159eba na p\u00edsku a stav\u011bly jsme hrady a tak podobn\u011b, tak jsme [&hellip;]","datePublished":"2022-11-21","dateModified":"2023-08-17","author":{"@type":"Person","@id":"https:\/\/www.stex.cz\/author\/devene\/#Person","name":"devene","url":"https:\/\/www.stex.cz\/author\/devene\/","identifier":1,"image":{"@type":"ImageObject","@id":"https:\/\/secure.gravatar.com\/avatar\/1aa4d33840e2afc29128e2a456d425ca0d17b173c888af2db652b1d34fe6f93d?s=96&d=mm&r=g","url":"https:\/\/secure.gravatar.com\/avatar\/1aa4d33840e2afc29128e2a456d425ca0d17b173c888af2db652b1d34fe6f93d?s=96&d=mm&r=g","height":96,"width":96}},"publisher":{"@type":"Organization","name":"stex.cz","logo":{"@type":"ImageObject","@id":"\/logo.png","url":"\/logo.png","width":600,"height":60}},"image":{"@type":"ImageObject","@id":"https:\/\/www.stex.cz\/wp-content\/uploads\/simpolo-2020193_960_720_1.jpg","url":"https:\/\/www.stex.cz\/wp-content\/uploads\/simpolo-2020193_960_720_1.jpg","height":0,"width":0},"url":"https:\/\/www.stex.cz\/prace-architekta\/","about":["Domov"],"wordCount":453,"articleBody":"        V\u017edycky jsem m\u011bla velk\u00fd smysl pro m\u00f3du a taky pro um\u011bn\u00ed. U\u017e jako mal\u00e1 holka jsem si velice r\u00e1da hr\u00e1la s hra\u010dkami, aby to vypadalo tak, \u017ee t\u0159eba n\u011bco nap\u0159\u00edklad stav\u00edm. A taky to vypadalo tak, kdy\u017e jsem si s mal\u00fdmi d\u011btmi hr\u00e1la t\u0159eba na p\u00edsku a stav\u011bly jsme hrady a tak podobn\u011b, tak jsme v\u017edycky cht\u011bla b\u00fdt nejlep\u0161\u00ed. V\u017edycky jsem to byla nakonec j\u00e1, kdo m\u011bl opravdu nejkr\u00e1sn\u011bj\u0161\u00ed hrad z p\u00edsku nebo p\u011bkn\u00e9 b\u00e1bovi\u010dky.A nev\u00edm, jestli to bylo schv\u00e1ln\u011b, ale jednou mi moje m\u00e1ma po\u0159\u00eddila opravdu kvalitn\u00ed p\u00edsek, se kter\u00fdm se pracuje pr\u00fd na um\u011bleck\u00fdch \u0161kol\u00e1ch, kde n\u011bkdo studuje nap\u0159\u00edklad architekta a nebo podobn\u011b. P\u00edsek byl opravdu drah\u00fd, jak mi pozd\u011bji \u0159ekla m\u00e1ma. A v\u00edte, jak to jde konec cel\u00e9 dopadlo? Samoz\u0159ejm\u011b, \u017ee jsem se s t\u00edm speci\u00e1ln\u00edm p\u00edskem opravdu moc r\u00e1da hr\u00e1la a taky jsem d\u011blala skv\u011bl\u00e9 v\u00fdrobky. Bavilo m\u011b to a pozd\u011bji jsem se taky p\u0159ihl\u00e1sila na keramiku, kdy\u017e mi bylo asi jeden\u00e1ct let. Opravdu hodn\u011b m\u011b to bav\u00ed a keramice se v\u011bnuji nyn\u00ed, kdy\u017e m\u00e1m t\u0159i d\u011bti. V\u017edycky jsem byla takov\u00e1 tv\u016fr\u010d\u00ed a designov\u00e1, tak\u017ee se nediv\u00edm. A m\u016fj p\u0159\u00edtel je dokonce architekt. Tak\u017ee se taky mus\u00edm vyznat ve slovn\u00edku architekta, proto\u017ee m\u016fj p\u0159\u00edtel pr\u00e1v\u011b pracuje ve firm\u011b, kde se velice \u010dasto pou\u017e\u00edvaj\u00ed architektova slova, jako nap\u0159\u00edklad lacobel a nebo tip-on.Nikdy jsem nesly\u0161ela, \u017ee t\u0159eba n\u011bjak\u00fd lacobel existuje a nebo t\u0159eba nap\u0159\u00edklad ben\u00e1tsk\u00fd \u0161tuk. Kdy\u017e jsem se zaj\u00edmala, co je to ben\u00e1tsk\u00fd \u0161tuk, tak jsem se dozv\u011bd\u011bla, \u017ee to je jako n\u011bco um\u011bl\u00fd mramor, tak\u017ee mn\u011b se to opravdu hodn\u011b l\u00edb\u00ed. A na internetu by esign.cz jsem se pod\u00edvala na jejich obr\u00e1zky a taky na jejich slovn\u00edk, tak\u017ee jsem byla velice p\u0159ekvapen\u00e1, \u017ee nap\u0159\u00edklad ben\u00e1tsk\u00e9 \u0161tuky je opravdu kr\u00e1sn\u00fd a elegantn\u00ed, \u017ee se hod\u00ed do skoro ka\u017ed\u00e9 dom\u00e1cnosti. Pokud i vy hled\u00e1te n\u011bco kvalitn\u00edho, pod\u00edvejte se na zm\u00edn\u011bn\u00e9 webov\u00e9 str\u00e1nky a uvid\u00edte sami. Je mnoho zp\u016fsob\u016f, jak se dorozum\u011bt s architektem, kter\u00fd m\u00e1 opravdu speci\u00e1ln\u00ed slovn\u00edk, kter\u00fd pot\u0159ebuje k pr\u00e1ci. V\u011b\u0159te, \u017ee slovn\u00edk architekta Bydesign je n\u011bkdy slo\u017eit\u00fd.                                                                                                                                                                                                                                                                                                                                                                                                  "},{"@context":"https:\/\/schema.org\/","@type":"BreadcrumbList","itemListElement":[{"@type":"ListItem","position":1,"name":"Pr\u00e1ce architekta","item":"https:\/\/www.stex.cz\/prace-architekta\/#breadcrumbitem"}]}]