[{"@context":"https:\/\/schema.org\/","@type":"Article","@id":"https:\/\/www.stex.cz\/prace-s-autem\/#Article","mainEntityOfPage":"https:\/\/www.stex.cz\/prace-s-autem\/","headline":"Pr\u00e1ce s autem","name":"Pr\u00e1ce s autem","description":"Moje prvn\u00ed auto bylo docela p\u011bkn\u00e9. M\u011bla jsem ho od tat\u00ednka. A na tom, \u017ee to auto bylo u\u017e asi p\u011bt let star\u00e9, tak bylo opravdu p\u011bkn\u00e9 a vypadalo jako nov\u00e9. \u0158\u00edkala jsem si, \u017ee bych se taky mohla moc r\u00e1da projet. R\u00e1da jsem jezdila autem. A aby toho nebylo m\u00e1lo, tak jsem taky m\u011bla [&hellip;]","datePublished":"2022-01-24","dateModified":"2022-01-24","author":{"@type":"Person","@id":"https:\/\/www.stex.cz\/author\/devene\/#Person","name":"devene","url":"https:\/\/www.stex.cz\/author\/devene\/","identifier":1,"image":{"@type":"ImageObject","@id":"https:\/\/secure.gravatar.com\/avatar\/1aa4d33840e2afc29128e2a456d425ca0d17b173c888af2db652b1d34fe6f93d?s=96&d=mm&r=g","url":"https:\/\/secure.gravatar.com\/avatar\/1aa4d33840e2afc29128e2a456d425ca0d17b173c888af2db652b1d34fe6f93d?s=96&d=mm&r=g","height":96,"width":96}},"publisher":{"@type":"Organization","name":"stex.cz","logo":{"@type":"ImageObject","@id":"\/logo.png","url":"\/logo.png","width":600,"height":60}},"image":{"@type":"ImageObject","@id":"https:\/\/www.stex.cz\/wp-content\/uploads\/auto3_5.jpg","url":"https:\/\/www.stex.cz\/wp-content\/uploads\/auto3_5.jpg","height":0,"width":0},"url":"https:\/\/www.stex.cz\/prace-s-autem\/","about":["Moto"],"wordCount":434,"articleBody":"Moje prvn\u00ed auto bylo docela p\u011bkn\u00e9. M\u011bla jsem ho od tat\u00ednka. A na tom, \u017ee to auto bylo u\u017e asi p\u011bt let star\u00e9, tak bylo opravdu p\u011bkn\u00e9 a vypadalo jako nov\u00e9. \u0158\u00edkala jsem si, \u017ee bych se taky mohla moc r\u00e1da projet. R\u00e1da jsem jezdila autem. A aby toho nebylo m\u00e1lo, tak jsem taky m\u011bla velmi r\u00e1da v\u00fdlety autem. Sice jsem byla st\u00e1le jako cestuj\u00edc\u00ed a ne \u0159idi\u010d, ale jednoho dne jsem si \u0159ekla, \u017ee snad jednoho dne budu jako \u0159idi\u010d. Ten je v\u017edycky takov\u00fd d\u016fle\u017eit\u00fd. A \u0159idi\u010d nesm\u00ed taky samoz\u0159ejm\u011b logicky p\u00edt alkohol. Nicm\u00e9n\u011b jsem si ale \u0159ekla, \u017ee j\u00e1 p\u00edt nikdy nebudu. Taky jsem si \u0159\u00edkala asi v m\u00fdch patn\u00e1cti nebo \u0161estn\u00e1cti letech, jestli budu hezky \u0159\u00eddit. Na\u0161t\u011bst\u00ed ano a \u0159idi\u010dsk\u00fd pr\u016fkaz jsem si d\u011blala \u00fasp\u011b\u0161n\u011b ihned v osmn\u00e1cti letech. \u0158\u00edkala jsem si, \u017ee bych se taky jako \u0159idi\u010d mohla \u017eivit.Moje teta rozv\u00e1\u017eela pizzu a podle m\u00e9ho n\u00e1zoru, je to opravdu perfektn\u00ed. A moje teta se takhle v\u017edycky taky sezn\u00e1mila s mnoha lidmi. Nav\u00edc se nenudila a ka\u017ed\u00fd den v pr\u00e1ci m\u011bla \u00fapln\u011b jin\u00fd. Taky d\u00edky tomu, \u017ee jezdila autem, tak si taky na\u0161la p\u0159\u00e1tel\u00e9, taky sv\u00e9ho milovan\u00e9ho p\u0159\u00edtele. Auto moto prost\u011b jsou jej\u00ed a taky moje z\u00e1liby. Auto a moto n\u00e1s bav\u00ed, ale taky \u017eiv\u00ed. Pozd\u011bji se cht\u011bla v\u011bnovat tomu, \u017ee bude d\u011blat taxik\u00e1\u0159ku. J\u00e1 jsem si \u0159ekla, \u017ee by\u00a0taxika\u0159ina\u00a0taky byla pro m\u011b byla docela dobr\u00e1, ale potom jsem si to rozmyslela. A sice bych pracovala s autem, co\u017e by m\u011b bavilo hodn\u011b, ale rozmyslela jsem si to. A nyn\u00ed nev\u00edm pro\u010d, ale asi by to bylo velmi nebezpe\u010dn\u00e9. A v dne\u0161n\u00ed dob\u011b jsou lidi nebezpe\u010dn\u00ed, tak\u017ee nev\u00edte, co od nich \u010dekat. Nicm\u00e9n\u011b jsem si ale \u0159ekla, \u017ee budu rozv\u00e1\u017eet pizzu. To je takov\u00e1 dokonal\u00e1 pr\u00e1ce, co se jezd\u00ed hlavn\u011b po ve\u010derech. To u\u017e jsem si dala zjistila a te\u010f mysl\u00edm, \u017ee m\u011b to bude bavit. Nicm\u00e9n\u011b odej\u00edt mohu se v\u017edycky a zm\u011bnit pr\u00e1ci taky. Ale pr\u00e1ci s autem jsme si v\u017edycky p\u0159\u00e1la, tak budu velmi r\u00e1da, kdy\u017e se\u00a0mi\u00a0tato pr\u00e1ce poda\u0159\u00ed a budu jenom spokojen\u00e1. A mysl\u00edm, \u017ee kdo m\u00e1 pr\u00e1ci jako kon\u00ed\u010dek, tak je na tom nejl\u00e9pe.                                                                                                                                                                                                                                                                                                                                                                                                "},{"@context":"https:\/\/schema.org\/","@type":"BreadcrumbList","itemListElement":[{"@type":"ListItem","position":1,"name":"Pr\u00e1ce s autem","item":"https:\/\/www.stex.cz\/prace-s-autem\/#breadcrumbitem"}]}]