[{"@context":"https:\/\/schema.org\/","@type":"Article","@id":"https:\/\/www.stex.cz\/proc-je-dulezite-mit-zabradli-na-schody\/#Article","mainEntityOfPage":"https:\/\/www.stex.cz\/proc-je-dulezite-mit-zabradli-na-schody\/","headline":"Pro\u010d je d\u016fle\u017eit\u00e9 m\u00edt z\u00e1bradl\u00ed na schody","name":"Pro\u010d je d\u016fle\u017eit\u00e9 m\u00edt z\u00e1bradl\u00ed na schody","description":"Po schodech chod\u00ed naprost\u00e1 v\u011bt\u0161ina z n\u00e1s ka\u017ed\u00fd den, a\u0165 u\u017e doma \u010di v zam\u011bstn\u00e1n\u00ed. Zvykli jsme si na n\u011b tak, \u017ee je ji\u017e prakticky nevn\u00edm\u00e1me. Tomu napom\u00e1h\u00e1 i fakt, \u017ee si ji\u017e v ml\u00e1d\u00ed vytvo\u0159\u00edme svalovou pam\u011b\u0165, kter\u00e1 n\u00e1m umo\u017e\u0148uje je p\u0159ekon\u00e1vat, ani\u017e bychom na to museli p\u0159\u00edli\u0161 myslet. Nen\u00ed tedy divu, \u017ee jim [&hellip;]","datePublished":"2021-01-22","dateModified":"2023-05-02","author":{"@type":"Person","@id":"https:\/\/www.stex.cz\/author\/devene\/#Person","name":"devene","url":"https:\/\/www.stex.cz\/author\/devene\/","identifier":1,"image":{"@type":"ImageObject","@id":"https:\/\/secure.gravatar.com\/avatar\/1aa4d33840e2afc29128e2a456d425ca0d17b173c888af2db652b1d34fe6f93d?s=96&d=mm&r=g","url":"https:\/\/secure.gravatar.com\/avatar\/1aa4d33840e2afc29128e2a456d425ca0d17b173c888af2db652b1d34fe6f93d?s=96&d=mm&r=g","height":96,"width":96}},"publisher":{"@type":"Organization","name":"stex.cz","logo":{"@type":"ImageObject","@id":"\/logo.png","url":"\/logo.png","width":600,"height":60}},"image":{"@type":"ImageObject","@id":"https:\/\/www.stex.cz\/wp-content\/uploads\/schodiste2_10_10_10_10_2.jpg","url":"https:\/\/www.stex.cz\/wp-content\/uploads\/schodiste2_10_10_10_10_2.jpg","height":0,"width":0},"url":"https:\/\/www.stex.cz\/proc-je-dulezite-mit-zabradli-na-schody\/","wordCount":436,"articleBody":"   Po schodech chod\u00ed naprost\u00e1 v\u011bt\u0161ina z n\u00e1s ka\u017ed\u00fd den, a\u0165 u\u017e doma \u010di v zam\u011bstn\u00e1n\u00ed. Zvykli jsme si na n\u011b tak, \u017ee je ji\u017e prakticky nevn\u00edm\u00e1me. Tomu napom\u00e1h\u00e1 i fakt, \u017ee si ji\u017e v ml\u00e1d\u00ed vytvo\u0159\u00edme svalovou pam\u011b\u0165, kter\u00e1 n\u00e1m umo\u017e\u0148uje je p\u0159ekon\u00e1vat, ani\u017e bychom na to museli p\u0159\u00edli\u0161 myslet.Nen\u00ed tedy divu, \u017ee jim nev\u011bnujeme p\u0159\u00edli\u0161 pozornosti a nev\u0161\u00edm\u00e1me si ani, kolik variant existuje. Ka\u017ed\u00e1 sice m\u016f\u017ee vy\u017eadovat sv\u016fj speci\u00e1ln\u00ed p\u0159\u00edstup, av\u0161ak v\u011bt\u0161ina z n\u00e1s tomu skute\u010dn\u011b \u017e\u00e1dnou v\u011bt\u0161\u00ed pozornost nev\u011bnuje, a\u0165 u\u017e jdeme po klasick\u00fdch schodech, t\u011bch to\u010dit\u00fdch, nebo se vezeme na eskal\u00e1torech.Proto nen\u00ed nejsp\u00ed\u0161 p\u0159ekvapen\u00edm, \u017ee si neuv\u011bdomujeme, jak d\u016fle\u017eitou sou\u010d\u00e1st\u00ed je zde z\u00e1bradl\u00ed na schody. P\u0159itom se bez n\u011bj dnes prakticky \u017e\u00e1dn\u00e9 schodi\u0161t\u011b neobejde. A to samoz\u0159ejm\u011b z dobr\u00e9ho d\u016fvodu. Koneckonc\u016f, m\u00e1 hned n\u011bkolik d\u016fle\u017eit\u00fdch funkc\u00ed.Tou prvn\u00ed a bezesporu nejd\u016fle\u017eit\u011bj\u0161\u00ed je zaji\u0161t\u011bn\u00ed bezpe\u010dnosti osob, kter\u00e9 dan\u00e9 schodi\u0161t\u011b pou\u017e\u00edvaj\u00ed. Jakkoliv bezpe\u010dn\u011b se na n\u011bm toti\u017e c\u00edt\u00edme, a jakkoliv m\u00e1me ch\u016fzi po n\u011bm nacvi\u010denou, sta\u010d\u00ed jedin\u00fd \u0161patn\u00fd krok a ne\u0161t\u011bst\u00ed je na sv\u011bt\u011b.A pr\u00e1v\u011b z\u00e1bradl\u00ed m\u016f\u017ee zabr\u00e1nit t\u011bm nejhor\u0161\u00edm n\u00e1sledk\u016fm. Sta\u010d\u00ed toti\u017e, kdy\u017e se jej \u010dlov\u011bk zachyt\u00ed, a m\u016f\u017ee tak snadno odvr\u00e1tit hroz\u00edc\u00ed p\u00e1d. A to je n\u011bco, co je skute\u010dn\u011b velmi d\u016fle\u017eit\u00e9.Av\u0161ak a\u010dkoliv je toto zdaleka nejd\u016fle\u017eit\u011bj\u0161\u00ed \u00fakol, kter\u00fd z\u00e1bradl\u00ed m\u00e1, nen\u00ed rozhodn\u011b jedin\u00fd. T\u00edm dal\u0161\u00edm je poskytovat lidem oporu. To ocen\u00ed zejm\u00e9na ti, kte\u0159\u00ed maj\u00ed z n\u011bjak\u00e9ho d\u016fvodu sn\u00ed\u017eenou schopnost pohybu. Ale i zdrav\u00fd \u010dlov\u011bk jej r\u00e1d vyu\u017eije, pokud stoup\u00e1 nap\u0159\u00edklad do p\u00e1t\u00e9ho poschod\u00ed bez v\u00fdtahu.No a v neposledn\u00ed \u0159ad\u011b dotv\u00e1\u0159\u00ed celkov\u00fd vzhled. To je patrn\u00e9 p\u0159edev\u0161\u00edm ve star\u00fdch budov\u00e1ch. Sta\u010d\u00ed se jen pod\u00edvat na nejr\u016fzn\u011bj\u0161\u00ed hrady a z\u00e1mky, aby bylo jasn\u00e9, jak dalece m\u016f\u017ee pomoci k celkov\u00e9mu estetick\u00e9mu dojmu.To v\u0161e v\u0161ak m\u016f\u017ee spl\u0148ovat jen tehdy, pokud je skute\u010dn\u011b dob\u0159e postaven\u00e9. Proto bychom jej nem\u011bli zanedb\u00e1vat. Koneckonc\u016f, m\u016f\u017ee n\u00e1m jednou zachr\u00e1nit i \u017eivot.                                                                                                                                                                                                                                                                                                                                                                                                 "},{"@context":"https:\/\/schema.org\/","@type":"BreadcrumbList","itemListElement":[{"@type":"ListItem","position":1,"name":"Pro\u010d je d\u016fle\u017eit\u00e9 m\u00edt z\u00e1bradl\u00ed na schody","item":"https:\/\/www.stex.cz\/proc-je-dulezite-mit-zabradli-na-schody\/#breadcrumbitem"}]}]