[{"@context":"https:\/\/schema.org\/","@type":"Article","@id":"https:\/\/www.stex.cz\/svatebni-oznameni\/#Article","mainEntityOfPage":"https:\/\/www.stex.cz\/svatebni-oznameni\/","headline":"Svatebn\u00ed ozn\u00e1men\u00ed","name":"Svatebn\u00ed ozn\u00e1men\u00ed","description":"Svatebn\u00ed ozn\u00e1men\u00ed Jde v\u00e1m hlava kolem ze za\u0159izov\u00e1n\u00ed va\u0161\u00ed svatby a posledn\u00ed v\u011bc\u00ed, na kterou m\u00e1te pomy\u0161len\u00ed, je vym\u00fd\u0161len\u00ed designu a zaji\u0161t\u011bn\u00ed v\u00fdroby kr\u00e1sn\u00e9ho svatebn\u00edho ozn\u00e1men\u00ed? P\u0159enechejte tuto pr\u00e1ci n\u00e1m, m\u016f\u017eeme v\u00e1m zajistit, \u017ee va\u0161e svatebn\u00ed ozn\u00e1men\u00edbudou kr\u00e1sn\u00e1 a p\u0159esn\u011b podle va\u0161ich p\u0159edstav. Svatebn\u00ed ozn\u00e1men\u00ed Svatebn\u00ed ozn\u00e1men\u00ed jsou velice d\u016fle\u017eit\u00e1, v\u0161em oznamuj\u00ed, \u017ee se hodl\u00e1te [&hellip;]","datePublished":"2025-02-13","dateModified":"2025-02-13","author":{"@type":"Person","@id":"https:\/\/www.stex.cz\/author\/devene\/#Person","name":"devene","url":"https:\/\/www.stex.cz\/author\/devene\/","identifier":1,"image":{"@type":"ImageObject","@id":"https:\/\/secure.gravatar.com\/avatar\/1aa4d33840e2afc29128e2a456d425ca0d17b173c888af2db652b1d34fe6f93d?s=96&d=mm&r=g","url":"https:\/\/secure.gravatar.com\/avatar\/1aa4d33840e2afc29128e2a456d425ca0d17b173c888af2db652b1d34fe6f93d?s=96&d=mm&r=g","height":96,"width":96}},"publisher":{"@type":"Organization","name":"stex.cz","logo":{"@type":"ImageObject","@id":"\/logo.png","url":"\/logo.png","width":600,"height":60}},"url":"https:\/\/www.stex.cz\/svatebni-oznameni\/","wordCount":202,"articleBody":" Svatebn\u00ed ozn\u00e1men\u00ed Jde v\u00e1m hlava kolem ze za\u0159izov\u00e1n\u00ed va\u0161\u00ed svatby a posledn\u00ed v\u011bc\u00ed, na kterou m\u00e1te pomy\u0161len\u00ed, je vym\u00fd\u0161len\u00ed designu a zaji\u0161t\u011bn\u00ed v\u00fdroby kr\u00e1sn\u00e9ho svatebn\u00edho ozn\u00e1men\u00ed? P\u0159enechejte tuto pr\u00e1ci n\u00e1m, m\u016f\u017eeme v\u00e1m zajistit, \u017ee va\u0161e svatebn\u00ed ozn\u00e1men\u00edbudou kr\u00e1sn\u00e1 a p\u0159esn\u011b podle va\u0161ich p\u0159edstav. Svatebn\u00ed ozn\u00e1men\u00ed Svatebn\u00ed ozn\u00e1men\u00ed jsou velice d\u016fle\u017eit\u00e1, v\u0161em oznamuj\u00ed, \u017ee se hodl\u00e1te br\u00e1t. Pr\u00e1v\u011b proto by m\u011bla b\u00fdt luxusn\u011b zpracovan\u00e1, m\u011bla by m\u00edt kr\u00e1sn\u00fd design a tak\u00e9 by m\u011bla b\u00fdt kvalitn\u00ed, vyroben\u00e1 z kvalitn\u00edho a luxusn\u00edho pap\u00edru, a poti\u0161t\u011bn\u00e1 pomoc\u00ed nejmodern\u011bj\u0161\u00edch technologi\u00ed, kter\u00e9 zaru\u010d\u00ed kvalitu proveden\u00ed. D\u016fv\u011b\u0159ujte n\u00e1m Listujete na\u0161im katalogem a nejste si jist\u00ed, zda v\u00e1m budou pr\u00e1v\u011b takov\u00e1 Svatebn\u00ed ozn\u00e1men\u00ed vyhovovat? Velice r\u00e1di v\u00e1m po\u0161leme dva nepoti\u0161t\u011bn\u00e9 vzorky zcela zdarma, aby jste se mohli p\u0159esv\u011bd\u010dit o kr\u00e1se a kvalit\u00e1ch svatebn\u00edch ozn\u00e1men\u00ed, jejich\u017e v\u00fdrobu v\u00e1m za\u0159\u00edd\u00edme.                                                                                                                                                                                                                                                                                                                                                                                                "},{"@context":"https:\/\/schema.org\/","@type":"BreadcrumbList","itemListElement":[{"@type":"ListItem","position":1,"name":"Svatebn\u00ed ozn\u00e1men\u00ed","item":"https:\/\/www.stex.cz\/svatebni-oznameni\/#breadcrumbitem"}]}]