[{"@context":"https:\/\/schema.org\/","@type":"Article","@id":"https:\/\/www.stex.cz\/vlasy-v-umyvadle\/#Article","mainEntityOfPage":"https:\/\/www.stex.cz\/vlasy-v-umyvadle\/","headline":"Vlasy v umyvadle","name":"Vlasy v umyvadle","description":"Tak\u00e9 jste si v posledn\u00ed dob\u011b v\u0161imli, \u017ee poka\u017ed\u00e9 kdy\u017e si upravujete sv\u016fj \u00fa\u010des p\u0159ed zrcadlem, z\u016fst\u00e1v\u00e1 \u010d\u00edm d\u00e1l t\u00edm v\u011bt\u0161\u00ed mno\u017estv\u00ed Va\u0161ich vlas\u016f v umyvadle? D\u00edky ko\u017en\u00ed ambulanci Karlovy Vary tento probl\u00e9m m\u016f\u017eete pustit z hlavy. Tato klinika se nezab\u00fdv\u00e1 pouze \u0159e\u0161en\u00edm pigmentov\u00fdch skvrn, kter\u00e9 mohou ohrozit Va\u0161e zdrav\u00ed, ale i t\u011bmito r\u016fzn\u00fdmi estetick\u00fdmi [&hellip;]","datePublished":"2024-10-22","dateModified":"2024-10-22","author":{"@type":"Person","@id":"https:\/\/www.stex.cz\/author\/devene\/#Person","name":"devene","url":"https:\/\/www.stex.cz\/author\/devene\/","identifier":1,"image":{"@type":"ImageObject","@id":"https:\/\/secure.gravatar.com\/avatar\/1aa4d33840e2afc29128e2a456d425ca0d17b173c888af2db652b1d34fe6f93d?s=96&d=mm&r=g","url":"https:\/\/secure.gravatar.com\/avatar\/1aa4d33840e2afc29128e2a456d425ca0d17b173c888af2db652b1d34fe6f93d?s=96&d=mm&r=g","height":96,"width":96}},"publisher":{"@type":"Organization","name":"stex.cz","logo":{"@type":"ImageObject","@id":"\/logo.png","url":"\/logo.png","width":600,"height":60}},"url":"https:\/\/www.stex.cz\/vlasy-v-umyvadle\/","wordCount":252,"articleBody":"Tak\u00e9 jste si v posledn\u00ed dob\u011b v\u0161imli, \u017ee poka\u017ed\u00e9 kdy\u017e si upravujete sv\u016fj \u00fa\u010des p\u0159ed zrcadlem, z\u016fst\u00e1v\u00e1 \u010d\u00edm d\u00e1l t\u00edm v\u011bt\u0161\u00ed mno\u017estv\u00ed Va\u0161ich vlas\u016f v umyvadle? D\u00edky ko\u017en\u00ed ambulanci Karlovy Vary tento probl\u00e9m m\u016f\u017eete pustit z hlavy. Tato klinika se nezab\u00fdv\u00e1 pouze \u0159e\u0161en\u00edm pigmentov\u00fdch skvrn, kter\u00e9 mohou ohrozit Va\u0161e zdrav\u00ed, ale i t\u011bmito r\u016fzn\u00fdmi estetick\u00fdmi probl\u00e9my. Tak\u017ee pokud chcete op\u011bt vlastnit perfektn\u00ed k\u0161tici, nev\u00e1hejte s n\u00e1v\u0161t\u011bvou z\u00e1padn\u00edch \u010cech a na\u0161\u00ed kliniky, kde V\u00e1m poskytujeme ty nejlep\u0161\u00ed slu\u017eby, kter\u00e9 nikde jinde nenajdete. A to v\u0161e za velice rozumn\u00e9 ceny, kter\u00e9 si budete moci dovolit. U\u017e neplat\u00ed, \u017ee kr\u00e1sa je pouze pro bohat\u00e9. D\u00edky odborn\u00fdm l\u00e9ka\u0159\u016fm, kter\u00e9 zam\u011bstn\u00e1v\u00e1me, se budete op\u011bt c\u00edtit cht\u011bn\u00ed a budete p\u0159ekypovat sebev\u011bdom\u00edm.Omlazen\u00edJe V\u00e1m kolem \u010dty\u0159ic\u00edtky a za\u010d\u00edn\u00e1te si v\u0161\u00edmat na sv\u00e9m t\u011ble r\u016fzn\u00fdch nedostatk\u016f? A\u0165 u\u017e se jedn\u00e1 nap\u0159\u00edklad o vr\u00e1sky \u010di o pad\u00e1n\u00ed vlas\u016f, nev\u00e1hejte ani minutu a obra\u0165te se na n\u00e1s. S ko\u017en\u00ed ambulanc\u00edKarlovy Vary vy\u0159e\u0161\u00edme v\u0161echny Va\u0161e probl\u00e9my a ud\u011bl\u00e1me z V\u00e1s op\u011bt osobu, kter\u00e1 bude p\u0159ekypovat ml\u00e1d\u00edm, zdrav\u00edm a kr\u00e1sou.                                                                                                                                                                                                                                                                                                                                                                                                "},{"@context":"https:\/\/schema.org\/","@type":"BreadcrumbList","itemListElement":[{"@type":"ListItem","position":1,"name":"Vlasy v umyvadle","item":"https:\/\/www.stex.cz\/vlasy-v-umyvadle\/#breadcrumbitem"}]}]